{"id":109,"date":"2012-08-31T15:19:32","date_gmt":"2012-08-31T14:19:32","guid":{"rendered":"http:\/\/www.elmadani.org\/fr\/?p=109"},"modified":"2013-10-05T08:42:46","modified_gmt":"2013-10-05T07:42:46","slug":"lettres-de-benbadis-et-de-bouchemal","status":"publish","type":"post","link":"https:\/\/www.elmadani.org\/fr\/lettres-de-benbadis-et-de-bouchemal\/","title":{"rendered":"Lettres de Benbadis et de Bouchemal"},"content":{"rendered":"<p style=\"text-align: justify;\">Je n&rsquo;ai trouv\u00e9 qu&rsquo;une lettre de Benbadis dont le contenu a \u00e9t\u00e9 donn\u00e9 dans le livre \u00ab\u00a0radd ad\u00eeb\u00a0\u00bb.<\/p>\n<p style=\"text-align: justify;\">La lettre est dans un assez mauvais \u00e9tat, \u00e9tat suffisamment mauvais puisque Ahmed Tewfik el-Madani a du tenter de la restaurer.<\/p>\n<p style=\"text-align: justify;\"><!--more-->On voit dans la partie \u00e9crite d&rsquo;un violet clair le contenu de la lettre de Benbadis et en noir, les restaurations apport\u00e9es par Tewfik el Madani.<\/p>\n<p style=\"text-align: justify;\">La lettre a \u00e9t\u00e9 envoy\u00e9e par Benbadis \u00e0 Tewfik el-Madani \u00e0 l&rsquo;occasion de l&rsquo;a\u00efd el-fitr en 1929.<\/p>\n<p style=\"text-align: justify;\"><a href=\"http:\/\/elmadani.org\/Documents\/Correspondances\/Oulemas\/Benbadis\/Benbadis.jpeg\" target=\"_blank\">Visualiser la lettre dat\u00e9e semble-t-il de l&rsquo;ann\u00e9e 1935<\/a><\/p>\n<p style=\"text-align: justify;\">Une autre lettre, dont le contenu a \u00e9t\u00e9 reproduit \u00e9galement par ATM dans son ouvrage \u00ab\u00a0radd ad\u00eeb\u00a0\u00bb \u00e9crite par Ahmed Bouchemal au nom de Benbadis et envoy\u00e9e \u00e0 ATM est dans un bon \u00e9tat.<\/p>\n<p style=\"text-align: justify;\"><a href=\"http:\/\/elmadani.org\/Documents\/Correspondances\/Oulemas\/Benbadis\/Bouchemal.jpeg\" target=\"_blank\">Visualiser la lettre de Bouchemal dat\u00e9e du 17 janvier 1930.<\/a><\/p>\n","protected":false},"excerpt":{"rendered":"<p>Je n&rsquo;ai trouv\u00e9 qu&rsquo;une lettre de Benbadis dont le contenu a \u00e9t\u00e9 donn\u00e9 dans le livre \u00ab\u00a0radd ad\u00eeb\u00a0\u00bb. La lettre est dans un assez mauvais \u00e9tat, \u00e9tat suffisamment [&hellip;]<\/p>\n","protected":false},"author":525,"featured_media":0,"comment_status":"open","ping_status":"closed","sticky":false,"template":"","format":"standard","meta":{"footnotes":""},"categories":[12],"tags":[],"class_list":["post-109","post","type-post","status-publish","format-standard","hentry","category-correspondances"],"_links":{"self":[{"href":"https:\/\/www.elmadani.org\/fr\/wp-json\/wp\/v2\/posts\/109","targetHints":{"allow":["GET"]}}],"collection":[{"href":"https:\/\/www.elmadani.org\/fr\/wp-json\/wp\/v2\/posts"}],"about":[{"href":"https:\/\/www.elmadani.org\/fr\/wp-json\/wp\/v2\/types\/post"}],"author":[{"embeddable":true,"href":"https:\/\/www.elmadani.org\/fr\/wp-json\/wp\/v2\/users\/525"}],"replies":[{"embeddable":true,"href":"https:\/\/www.elmadani.org\/fr\/wp-json\/wp\/v2\/comments?post=109"}],"version-history":[{"count":0,"href":"https:\/\/www.elmadani.org\/fr\/wp-json\/wp\/v2\/posts\/109\/revisions"}],"wp:attachment":[{"href":"https:\/\/www.elmadani.org\/fr\/wp-json\/wp\/v2\/media?parent=109"}],"wp:term":[{"taxonomy":"category","embeddable":true,"href":"https:\/\/www.elmadani.org\/fr\/wp-json\/wp\/v2\/categories?post=109"},{"taxonomy":"post_tag","embeddable":true,"href":"https:\/\/www.elmadani.org\/fr\/wp-json\/wp\/v2\/tags?post=109"}],"curies":[{"name":"wp","href":"https:\/\/api.w.org\/{rel}","templated":true}]}}