{"id":127,"date":"2012-09-01T18:09:16","date_gmt":"2012-09-01T17:09:16","guid":{"rendered":"http:\/\/www.elmadani.org\/fr\/?p=127"},"modified":"2013-10-05T08:40:27","modified_gmt":"2013-10-05T07:40:27","slug":"presence-de-tewfik-el-madani-par-ahmed-cheniki","status":"publish","type":"post","link":"https:\/\/www.elmadani.org\/fr\/presence-de-tewfik-el-madani-par-ahmed-cheniki\/","title":{"rendered":"\u00ab\u00a0Pr\u00e9sence de Tewfik el-Madani\u00a0\u00bb par Ahmed Cheniki"},"content":{"rendered":"<p style=\"text-align: justify;\">Dans les affaires de mon oncle Mohamed Islam, j&rsquo;ai retrouv\u00e9 une coupure de journal portant article sur Ahmed Tewfik el-Madani r\u00e9dig\u00e9 par Ahmed Cheniki. La coupure en question ne rends pas compte du nom du journal ni de la date. Elle est toutefois post\u00e9rieure \u00e0 la mort d&rsquo;ATM.<\/p>\n<p><!--more-->Voil\u00e0 l&rsquo;image de la coupure:<\/p>\n<p><a href=\"https:\/\/www.elmadani.org\/fr\/wp-content\/uploads\/madani001.jpeg\"><img loading=\"lazy\" decoding=\"async\" class=\" wp-image-128\" title=\"madani001\" alt=\"Pr\u00e9sence de Tewfik el-Madani\" src=\"https:\/\/www.elmadani.org\/fr\/wp-content\/uploads\/madani001-217x300.jpeg\" width=\"162\" height=\"224\" srcset=\"https:\/\/www.elmadani.org\/fr\/wp-content\/uploads\/madani001-217x300.jpeg 217w, https:\/\/www.elmadani.org\/fr\/wp-content\/uploads\/madani001-742x1024.jpeg 742w\" sizes=\"auto, (max-width: 162px) 100vw, 162px\" \/><\/a><\/p>\n<p>Ci-apr\u00e8s le texte de l&rsquo;article:<\/p>\n<p style=\"text-align: justify;\">Tewfik El Madani s&rsquo;en va. A l&rsquo;\u00e2ge de 84 ans. Il nous quitte an laissant une somme d&rsquo;\u00e9crits politiques et historiques qui nous restituent un pass\u00e9 grandiose et paradoxal \u00e0 la fois et qui&rsquo; se conjuguent sans doute au pr\u00e9sent et au futur. Homme politique, t\u00e9moin et acteur de l&rsquo;Histoire de l&rsquo;Alg\u00e9rie, Tewfik El Madani a durant toute sa vie \u00e9t\u00e9 pr\u00e9sent sur tous les terrains o\u00f9 s&rsquo;affirmait la revendication nationale. D&rsquo;ailleurs, son premier travail s\u00e9rieux est une r\u00e9ponse \u00e0 certains historiens qui pr\u00e9tendaient que l&rsquo;Alg\u00e9rie \u00e9tait une cr\u00e9ation r\u00e9cente, c&rsquo;est-\u00ad\u00e0-dire un rejeton romain. Il parcourt une documentation impressionnante et arrive \u00e0 rejeter &#8211; preuves \u00e0 l&rsquo;appui &#8211; cette th\u00e8se bouffonne et d\u00e9couvre que le peuple alg\u00e9rien avait combattu Rome pendant environ six si\u00e8cles. C&rsquo;\u00e9tait l\u00e0 sa premi\u00e8re contribution \u00e0 la lecture de l&rsquo;Histoire d&rsquo;Alg\u00e9rie. Il avait moins de 26 ans, c&rsquo;est-\u00e0-dire un \u00e2ge o\u00f9 on n&rsquo;est pas&rsquo; souvent pr\u00eat de se lancer dans une grande aventure de cette importance<em>. <\/em>Turbulent, subversif jusqu&rsquo;\u00e0 son dernier petit, doigt, il conna\u00eet l&rsquo;exil, la prison et l&rsquo;espoir. A 16 ans, il fait la connaissance d&rsquo;une petite cellule d&rsquo;une prison infecte de Tunis. 4 ann\u00e9es de t\u00f4le pour avoir particip\u00e9 activement \u00e0 une manifestation anti coloniale. L&rsquo;armistice de 1918 lui permet de rejoindre la vie politique. II fonde, avec quelques amis, le Parti Destourien. Il est son secr\u00e9taire g\u00e9n\u00e9ral adjoint. En 1925, de grandes manifestations sont r\u00e9prim\u00e9es \u00e0 Tunis. Les autorit\u00e9s coloniales l&rsquo;exilent \u00aden Alg\u00e9rie ou plut\u00f4t le renvoient dans son propre pays qu&rsquo;il servira d&rsquo;ailleurs en occupant divers postes politiques et en tentant d&rsquo;\u00e9crire son Histoire jus\u00adqu&rsquo;\u00e0 la fin de sa vie. 22 ouvrages dont un grand nombre Sur l&rsquo;Histoire de l\u2019Alg\u00e9rie et se rapportant plus particuli\u00e8rement \u00e0 la p\u00e9riode Ottomane sont r\u00e9alis\u00e9s. Co-fondateur de&rsquo; l&rsquo;Association des Oul\u00e9mas avec Abdelhamid Ben Badis qu&rsquo;il rencontre vers le d\u00e9but des ann\u00e9es 20, il repr\u00e9sente l&rsquo;aile \u00e9clair\u00e9e et progressiste de cette organisation qui avait pour objectif essentiel la d\u00e9fense de la personnalit\u00e9 et, de la culture alg\u00e9rienne; JI participe d&rsquo;ailleurs en 1927 \u00e0 la cr\u00e9ation du Nadi Ettaraki (cercle de l&rsquo;\u00e9volution) qui sera par la suite un extraordinaire lieu de rayonnement culturel. Sa rencontre avec Ben Badis lui permet de mieux saisir le pouls de la r\u00e9alit\u00e9 politique alg\u00e9rienne. Ses articles dans Ech\u00adChihab et El Bassa\u00efr o\u00f9 il expose le point de vue de l\u2019association des Oul\u00e9mas, font de lui un politicien averti qui d&rsquo;ailleurs est d\u00e9sign\u00e9 peu apr\u00e8s comme membre de la d\u00e9l\u00e9gation alg\u00e9rienne \u00e0 l&rsquo;ext\u00e9rieur. Il occupe tour \u00e0 tour les postes de Pr\u00e9sident du Bureau du FLN au Caire, repr\u00e9sentant aupr\u00e8s de la ligue arabe, ambassadeur et ministre du GPRA du premier et second gouvernement alg\u00e9rien, ambassadeur \u00e0 Baghdad, T\u00e9h\u00e9ran, Ankara et Karachi.<\/p>\n<p style=\"text-align: justify;\">Tewfik Et Madani \u00e0 \u00a0\u00e9t\u00e9 donc un grand t\u00e9moin et un acteur privil\u00e9gi\u00e9 de l&rsquo;Histoire de l&rsquo;Alg\u00e9rie des 70 derni\u00e8res ann\u00e9es. L&rsquo;exil et la prison lui ont appris l&rsquo;alphabet de l&rsquo;espoir et de la qu\u00eate de temps nouveaux, d\u00e9 temps o\u00f9 l&rsquo;Alg\u00e9rien n&rsquo;aura pas de peine \u00e0 se reconna\u00eetre dans son originalit\u00e9.<\/p>\n<p style=\"text-align: justify;\">C&rsquo;est vrai, les recherches Sur la p\u00e9riode ottomane, sa tentative de d\u00e9douaner les Ottomans sont tr\u00e8s discut\u00e9es. Et c&rsquo;est l\u00e0, justement le propre de tout travail de recherche. Les r\u00e9sultats de son travail restent sujets \u00e0 d\u00e9bat. Qui a connu de pr\u00e8s ou de loin cet homme comprendra que c&rsquo;est par patriotisme qu&rsquo;il s&rsquo;est engag\u00e9 dans cette difficile t\u00e2che qu&rsquo;est l&rsquo;\u00e9criture-lecture de notre Histoire. M\u00eame parti, Tewfik El Madani n&rsquo;est pas absent, Il est l\u00e0 pr\u00e9sent dans tous les contours de la vie intellectuelle et culturelle.<\/p>\n<p style=\"text-align: justify;\">Ce n&rsquo;est pas du tout l\u00e0 une notice n\u00e9crologique comme il est de coutume de faire quand quelqu&rsquo;un dispara\u00eet de cette terre. Mais acte et affirmation d&rsquo;une pr\u00e9sence.<\/p>\n<p style=\"text-align: justify;\"><em>\u00a0<\/em><\/p>\n<p style=\"text-align: justify;\"><em>Ahmed CHENIKI<\/em><\/p>\n<p><sub><br \/>\n<\/sub><\/p>\n","protected":false},"excerpt":{"rendered":"<p>Dans les affaires de mon oncle Mohamed Islam, j&rsquo;ai retrouv\u00e9 une coupure de journal portant article sur Ahmed Tewfik el-Madani r\u00e9dig\u00e9 par Ahmed Cheniki. La coupure en question [&hellip;]<\/p>\n","protected":false},"author":525,"featured_media":0,"comment_status":"open","ping_status":"closed","sticky":false,"template":"","format":"standard","meta":{"footnotes":""},"categories":[7],"tags":[14,15,19,18,17,10,16,13],"class_list":["post-127","post","type-post","status-publish","format-standard","hentry","category-ils-ont-dit-dahmed-tewfik-el-madani","tag-algerie","tag-badis","tag-bassair","tag-chihab","tag-ettaraki","tag-madani","tag-nadi","tag-oulemas"],"_links":{"self":[{"href":"https:\/\/www.elmadani.org\/fr\/wp-json\/wp\/v2\/posts\/127","targetHints":{"allow":["GET"]}}],"collection":[{"href":"https:\/\/www.elmadani.org\/fr\/wp-json\/wp\/v2\/posts"}],"about":[{"href":"https:\/\/www.elmadani.org\/fr\/wp-json\/wp\/v2\/types\/post"}],"author":[{"embeddable":true,"href":"https:\/\/www.elmadani.org\/fr\/wp-json\/wp\/v2\/users\/525"}],"replies":[{"embeddable":true,"href":"https:\/\/www.elmadani.org\/fr\/wp-json\/wp\/v2\/comments?post=127"}],"version-history":[{"count":0,"href":"https:\/\/www.elmadani.org\/fr\/wp-json\/wp\/v2\/posts\/127\/revisions"}],"wp:attachment":[{"href":"https:\/\/www.elmadani.org\/fr\/wp-json\/wp\/v2\/media?parent=127"}],"wp:term":[{"taxonomy":"category","embeddable":true,"href":"https:\/\/www.elmadani.org\/fr\/wp-json\/wp\/v2\/categories?post=127"},{"taxonomy":"post_tag","embeddable":true,"href":"https:\/\/www.elmadani.org\/fr\/wp-json\/wp\/v2\/tags?post=127"}],"curies":[{"name":"wp","href":"https:\/\/api.w.org\/{rel}","templated":true}]}}