{"id":291,"date":"2012-09-22T17:53:51","date_gmt":"2012-09-22T16:53:51","guid":{"rendered":"http:\/\/www.elmadani.org\/fr\/?p=291"},"modified":"2012-09-22T17:56:05","modified_gmt":"2012-09-22T16:56:05","slug":"lettre-de-mohamed-ali-ettaher-militant-palestinien","status":"publish","type":"post","link":"https:\/\/www.elmadani.org\/fr\/lettre-de-mohamed-ali-ettaher-militant-palestinien\/","title":{"rendered":"Lettre de Mohamed Ali Ettaher (militant palestinien)"},"content":{"rendered":"<p style=\"text-align: justify;\">Mohamed Ali Ettaher est un grand militant Palestinien de la cause Palestinienne. ATM le qualifie dans ses m\u00e9moires de \u00ab\u00a0mudjahid al-falastini al-azhim bi &lsquo;amalihi\u00a0\u00bb, le militant Palestinien grand par son \u0153uvre. J&rsquo;ai retrouv\u00e9 de lui une seule lettre qui pourrait avoir \u00e9t\u00e9 \u00e9crite \u00e0 Bachir el-Ibrahimi dans laquelle il reproche \u00e0 Madani, d&rsquo;une fa\u00e7on tr\u00e8s fraternelle, d&rsquo;avoir dit du bien de Azzam qu&rsquo;il accuse d&rsquo;avoir conspir\u00e9 avec Farouk contre les int\u00e9r\u00eats palestiniens.<\/p>\n<p><a href=\"http:\/\/www.elmadani.org\/Documents\/Correspondances\/Palestiniens\/Taher\/Taher2.jpeg\" target=\"_blank\">Recto<\/a><\/p>\n<p><a href=\"http:\/\/www.elmadani.org\/Documents\/Correspondances\/Palestiniens\/Taher\/Taher1.jpeg\" target=\"_blank\">Verso<\/a><\/p>\n","protected":false},"excerpt":{"rendered":"<p>Mohamed Ali Ettaher est un grand militant Palestinien de la cause Palestinienne. ATM le qualifie dans ses m\u00e9moires de \u00ab\u00a0mudjahid al-falastini al-azhim bi &lsquo;amalihi\u00a0\u00bb, le militant Palestinien grand [&hellip;]<\/p>\n","protected":false},"author":525,"featured_media":0,"comment_status":"open","ping_status":"closed","sticky":false,"template":"","format":"standard","meta":{"footnotes":""},"categories":[12],"tags":[],"class_list":["post-291","post","type-post","status-publish","format-standard","hentry","category-correspondances"],"_links":{"self":[{"href":"https:\/\/www.elmadani.org\/fr\/wp-json\/wp\/v2\/posts\/291","targetHints":{"allow":["GET"]}}],"collection":[{"href":"https:\/\/www.elmadani.org\/fr\/wp-json\/wp\/v2\/posts"}],"about":[{"href":"https:\/\/www.elmadani.org\/fr\/wp-json\/wp\/v2\/types\/post"}],"author":[{"embeddable":true,"href":"https:\/\/www.elmadani.org\/fr\/wp-json\/wp\/v2\/users\/525"}],"replies":[{"embeddable":true,"href":"https:\/\/www.elmadani.org\/fr\/wp-json\/wp\/v2\/comments?post=291"}],"version-history":[{"count":0,"href":"https:\/\/www.elmadani.org\/fr\/wp-json\/wp\/v2\/posts\/291\/revisions"}],"wp:attachment":[{"href":"https:\/\/www.elmadani.org\/fr\/wp-json\/wp\/v2\/media?parent=291"}],"wp:term":[{"taxonomy":"category","embeddable":true,"href":"https:\/\/www.elmadani.org\/fr\/wp-json\/wp\/v2\/categories?post=291"},{"taxonomy":"post_tag","embeddable":true,"href":"https:\/\/www.elmadani.org\/fr\/wp-json\/wp\/v2\/tags?post=291"}],"curies":[{"name":"wp","href":"https:\/\/api.w.org\/{rel}","templated":true}]}}