{"id":364,"date":"2013-01-24T13:38:07","date_gmt":"2013-01-24T12:38:07","guid":{"rendered":"http:\/\/www.elmadani.org\/fr\/?p=364"},"modified":"2013-10-05T08:29:06","modified_gmt":"2013-10-05T07:29:06","slug":"lettre-de-cheikh-abou-yala-zouaoui-a-atm-concernant-laffaire-de-ladhan-des-malekites","status":"publish","type":"post","link":"https:\/\/www.elmadani.org\/fr\/lettre-de-cheikh-abou-yala-zouaoui-a-atm-concernant-laffaire-de-ladhan-des-malekites\/","title":{"rendered":"Lettre de cheikh Abou Ya&rsquo;la Zouaoui \u00e0 ATM concernant l&rsquo;affaire de l&rsquo;Adh\u00e2n des mal\u00e9kites"},"content":{"rendered":"<p style=\"text-align: justify;\">Une affaire -assez saugrenue- avait oppos\u00e9 mal\u00e9kites et ibadites dans un chef lieu du territoire des ibadites. Ces derniers consid\u00e8rent qu&rsquo;il ne saurait y avoir plus d&rsquo;un appel \u00e0 la pri\u00e8re dans une localit\u00e9 quel que soit le nombre de mosqu\u00e9es. Cette coutume \u00e9tait en usage dans les sept villes du Mzab jusqu&rsquo;au jour o\u00f9 les mal\u00e9kites d&rsquo;une des villes d\u00e9cid\u00e8rent de mettre fin \u00e0 cet \u00e9tat de fait contraire \u00e0 leurs coutumes religieuses. Pour ces derniers, chaque mosqu\u00e9e devait faire l&rsquo;appel \u00e0 la pri\u00e8re.<\/p>\n<p style=\"text-align: justify;\"><!--more-->Cette question a faillit d\u00e9g\u00e9n\u00e9rer en guerre entre les deux communaut\u00e9s. Ahmed Tewfik el Madani compte parmi les gens qui ont \u0153uvr\u00e9 \u00e0 l\u2019accalmie et il narre dans ses m\u00e9moires les diff\u00e9rents phases de cette triste affaire.<\/p>\n<p style=\"text-align: justify;\">La pr\u00e9sente lettre est une demande de cheikh Zouaoui \u00e0 ATM de publier une r\u00e9ponse (en attachement) au responsable \u00e9ditorial du journal ibadite \u00ab\u00a0al-maghrib\u00a0\u00bb. Ci-apr\u00e8s la lettre et l&rsquo;article-r\u00e9ponse.<\/p>\n<p style=\"text-align: center;\"><img loading=\"lazy\" decoding=\"async\" class=\"aligncenter\" alt=\"\" src=\"http:\/\/www.elmadani.org\/ar\/wp-content\/uploads\/Zouaoui1.jpg\" width=\"1176\" height=\"1752\" \/><\/p>\n<p style=\"text-align: left;\">Ci apr\u00e8s l&rsquo;article de cheikh Zouaoui.<\/p>\n<p style=\"text-align: left;\"><img loading=\"lazy\" decoding=\"async\" class=\"aligncenter\" alt=\"\" src=\"http:\/\/www.elmadani.org\/ar\/wp-content\/uploads\/Zouaoui2-687x1024.jpg\" width=\"687\" height=\"1024\" \/><\/p>\n","protected":false},"excerpt":{"rendered":"<p>Une affaire -assez saugrenue- avait oppos\u00e9 mal\u00e9kites et ibadites dans un chef lieu du territoire des ibadites. Ces derniers consid\u00e8rent qu&rsquo;il ne saurait y avoir plus d&rsquo;un appel [&hellip;]<\/p>\n","protected":false},"author":525,"featured_media":0,"comment_status":"open","ping_status":"closed","sticky":false,"template":"","format":"standard","meta":{"footnotes":""},"categories":[12],"tags":[],"class_list":["post-364","post","type-post","status-publish","format-standard","hentry","category-correspondances"],"_links":{"self":[{"href":"https:\/\/www.elmadani.org\/fr\/wp-json\/wp\/v2\/posts\/364","targetHints":{"allow":["GET"]}}],"collection":[{"href":"https:\/\/www.elmadani.org\/fr\/wp-json\/wp\/v2\/posts"}],"about":[{"href":"https:\/\/www.elmadani.org\/fr\/wp-json\/wp\/v2\/types\/post"}],"author":[{"embeddable":true,"href":"https:\/\/www.elmadani.org\/fr\/wp-json\/wp\/v2\/users\/525"}],"replies":[{"embeddable":true,"href":"https:\/\/www.elmadani.org\/fr\/wp-json\/wp\/v2\/comments?post=364"}],"version-history":[{"count":0,"href":"https:\/\/www.elmadani.org\/fr\/wp-json\/wp\/v2\/posts\/364\/revisions"}],"wp:attachment":[{"href":"https:\/\/www.elmadani.org\/fr\/wp-json\/wp\/v2\/media?parent=364"}],"wp:term":[{"taxonomy":"category","embeddable":true,"href":"https:\/\/www.elmadani.org\/fr\/wp-json\/wp\/v2\/categories?post=364"},{"taxonomy":"post_tag","embeddable":true,"href":"https:\/\/www.elmadani.org\/fr\/wp-json\/wp\/v2\/tags?post=364"}],"curies":[{"name":"wp","href":"https:\/\/api.w.org\/{rel}","templated":true}]}}