{"id":389,"date":"2013-10-19T20:23:46","date_gmt":"2013-10-19T19:23:46","guid":{"rendered":"http:\/\/www.elmadani.org\/fr\/?p=389"},"modified":"2013-10-24T21:56:13","modified_gmt":"2013-10-24T20:56:13","slug":"lettre-de-lemir-khaled","status":"publish","type":"post","link":"https:\/\/www.elmadani.org\/fr\/lettre-de-lemir-khaled\/","title":{"rendered":"Lettres de l&rsquo;Emir Khaled"},"content":{"rendered":"<p style=\"text-align: center;\"><a href=\"https:\/\/www.elmadani.org\/fr\/wp-content\/uploads\/Emir_Khaled.jpeg\"><img loading=\"lazy\" decoding=\"async\" class=\"aligncenter size-full wp-image-531\" alt=\"Emir_Khaled\" src=\"https:\/\/www.elmadani.org\/fr\/wp-content\/uploads\/Emir_Khaled.jpeg\" width=\"172\" height=\"241\" \/><\/a><\/p>\n<p style=\"text-align: justify;\">Ci-apr\u00e8s les images num\u00e9ris\u00e9es des deux faces d&rsquo;une lettre qu&rsquo;avait re\u00e7ue ATM de l&rsquo;Emir Khaled. La lettre a d\u00e9j\u00e0 \u00e9t\u00e9 publi\u00e9e dans les m\u00e9moires d&rsquo;ATM, tome 2. Nous t\u00e2cherons de reproduire une copie de meilleure qualit\u00e9 ult\u00e9rieurement.<\/p>\n<p style=\"text-align: justify;\">J&rsquo;ai retrouv\u00e9 \u00e9galement une lettre de l&rsquo;Emir Khaled adress\u00e9e \u00e0 un de ses proches et sur laquelle Ahmed Tewfik el Madani a \u00e9crit : \u00ab\u00a0ris\u00e2la dhatu sha&rsquo;n\u00a0\u00bb (une lettre de valeur). Je l&rsquo;ajouterai dans la semaine si Dieu le permet.<\/p>\n<p><!--more-->Page 1<\/p>\n<p><a href=\"http:\/\/www.elmadani.org\/ar\/wp-content\/uploads\/Emir-Khaled-1-1.jpg\"><img loading=\"lazy\" decoding=\"async\" class=\"aligncenter size-full wp-image-260\" alt=\"Emir Khaled 1 - 1\" src=\"http:\/\/www.elmadani.org\/ar\/wp-content\/uploads\/Emir-Khaled-1-1.jpg\" width=\"429\" height=\"704\" \/><\/a><\/p>\n<p>Page 2<\/p>\n<p><a href=\"http:\/\/www.elmadani.org\/ar\/wp-content\/uploads\/Emir-Khaled-1-2.jpg\"><img loading=\"lazy\" decoding=\"async\" class=\"aligncenter size-full wp-image-261\" alt=\"Emir Khaled 1 - 2\" src=\"http:\/\/www.elmadani.org\/ar\/wp-content\/uploads\/Emir-Khaled-1-2.jpg\" width=\"429\" height=\"704\" \/><\/a><\/p>\n","protected":false},"excerpt":{"rendered":"<p>Ci-apr\u00e8s les images num\u00e9ris\u00e9es des deux faces d&rsquo;une lettre qu&rsquo;avait re\u00e7ue ATM de l&rsquo;Emir Khaled. La lettre a d\u00e9j\u00e0 \u00e9t\u00e9 publi\u00e9e dans les m\u00e9moires d&rsquo;ATM, tome 2. Nous [&hellip;]<\/p>\n","protected":false},"author":525,"featured_media":520,"comment_status":"open","ping_status":"closed","sticky":false,"template":"","format":"standard","meta":{"footnotes":""},"categories":[12],"tags":[],"class_list":["post-389","post","type-post","status-publish","format-standard","has-post-thumbnail","hentry","category-correspondances"],"_links":{"self":[{"href":"https:\/\/www.elmadani.org\/fr\/wp-json\/wp\/v2\/posts\/389","targetHints":{"allow":["GET"]}}],"collection":[{"href":"https:\/\/www.elmadani.org\/fr\/wp-json\/wp\/v2\/posts"}],"about":[{"href":"https:\/\/www.elmadani.org\/fr\/wp-json\/wp\/v2\/types\/post"}],"author":[{"embeddable":true,"href":"https:\/\/www.elmadani.org\/fr\/wp-json\/wp\/v2\/users\/525"}],"replies":[{"embeddable":true,"href":"https:\/\/www.elmadani.org\/fr\/wp-json\/wp\/v2\/comments?post=389"}],"version-history":[{"count":0,"href":"https:\/\/www.elmadani.org\/fr\/wp-json\/wp\/v2\/posts\/389\/revisions"}],"wp:featuredmedia":[{"embeddable":true,"href":"https:\/\/www.elmadani.org\/fr\/wp-json\/wp\/v2\/media\/520"}],"wp:attachment":[{"href":"https:\/\/www.elmadani.org\/fr\/wp-json\/wp\/v2\/media?parent=389"}],"wp:term":[{"taxonomy":"category","embeddable":true,"href":"https:\/\/www.elmadani.org\/fr\/wp-json\/wp\/v2\/categories?post=389"},{"taxonomy":"post_tag","embeddable":true,"href":"https:\/\/www.elmadani.org\/fr\/wp-json\/wp\/v2\/tags?post=389"}],"curies":[{"name":"wp","href":"https:\/\/api.w.org\/{rel}","templated":true}]}}