{"id":468,"date":"2013-09-16T16:39:38","date_gmt":"2013-09-16T15:39:38","guid":{"rendered":"http:\/\/www.elmadani.org\/fr\/?p=468"},"modified":"2013-09-16T16:39:38","modified_gmt":"2013-09-16T15:39:38","slug":"atm-a-lorigine-de-la-reintegration-des-etudiants-des-bancs-de-luniversite","status":"publish","type":"post","link":"https:\/\/www.elmadani.org\/fr\/atm-a-lorigine-de-la-reintegration-des-etudiants-des-bancs-de-luniversite\/","title":{"rendered":"ATM \u00e0 l&rsquo;origine de la r\u00e9int\u00e9gration des \u00e9tudiants des bancs de l&rsquo;universit\u00e9"},"content":{"rendered":"<p>Le FLN avait d\u00e9cid\u00e9 en 1956 que les \u00e9tudiants alg\u00e9riens se devaient d&rsquo;abandonner les bancs de l&rsquo;universit\u00e9 pour rejoindre le maquis.<\/p>\n<p>Lorsque le GPRA voit le jour, le Ministre des affaires culturelles, ATM en l&rsquo;occurrence, fait voter une loi permettant aux \u00e9tudiants ayant d\u00e9sert\u00e9 l&rsquo;universit\u00e9 de la r\u00e9int\u00e9grer. Voici un document retrouv\u00e9 des les affaires de ce dernier qui en explique les motifs.<\/p>\n<p><a href=\"http:\/\/www.elmadani.org\/ar\/wp-content\/uploads\/mad001.jpg\" target=\"_blank\">Afficher le document<\/a><\/p>\n<p style=\"text-align: center;\">\n","protected":false},"excerpt":{"rendered":"<p>Le FLN avait d\u00e9cid\u00e9 en 1956 que les \u00e9tudiants alg\u00e9riens se devaient d&rsquo;abandonner les bancs de l&rsquo;universit\u00e9 pour rejoindre le maquis. Lorsque le GPRA voit le jour, le [&hellip;]<\/p>\n","protected":false},"author":525,"featured_media":0,"comment_status":"open","ping_status":"closed","sticky":false,"template":"","format":"standard","meta":{"footnotes":""},"categories":[27],"tags":[],"class_list":["post-468","post","type-post","status-publish","format-standard","hentry","category-atm-et-le-gpra"],"_links":{"self":[{"href":"https:\/\/www.elmadani.org\/fr\/wp-json\/wp\/v2\/posts\/468","targetHints":{"allow":["GET"]}}],"collection":[{"href":"https:\/\/www.elmadani.org\/fr\/wp-json\/wp\/v2\/posts"}],"about":[{"href":"https:\/\/www.elmadani.org\/fr\/wp-json\/wp\/v2\/types\/post"}],"author":[{"embeddable":true,"href":"https:\/\/www.elmadani.org\/fr\/wp-json\/wp\/v2\/users\/525"}],"replies":[{"embeddable":true,"href":"https:\/\/www.elmadani.org\/fr\/wp-json\/wp\/v2\/comments?post=468"}],"version-history":[{"count":0,"href":"https:\/\/www.elmadani.org\/fr\/wp-json\/wp\/v2\/posts\/468\/revisions"}],"wp:attachment":[{"href":"https:\/\/www.elmadani.org\/fr\/wp-json\/wp\/v2\/media?parent=468"}],"wp:term":[{"taxonomy":"category","embeddable":true,"href":"https:\/\/www.elmadani.org\/fr\/wp-json\/wp\/v2\/categories?post=468"},{"taxonomy":"post_tag","embeddable":true,"href":"https:\/\/www.elmadani.org\/fr\/wp-json\/wp\/v2\/tags?post=468"}],"curies":[{"name":"wp","href":"https:\/\/api.w.org\/{rel}","templated":true}]}}