{"id":539,"date":"2013-10-26T08:29:03","date_gmt":"2013-10-26T07:29:03","guid":{"rendered":"http:\/\/www.elmadani.org\/fr\/?p=539"},"modified":"2013-10-26T08:58:26","modified_gmt":"2013-10-26T07:58:26","slug":"declaration-de-cheikh-mohamed-el-bachir-el-ibrahimi","status":"publish","type":"post","link":"https:\/\/www.elmadani.org\/fr\/declaration-de-cheikh-mohamed-el-bachir-el-ibrahimi\/","title":{"rendered":"D\u00e9claration de cheikh Mohamed el-Bachir el-Ibrahimi"},"content":{"rendered":"<p>Le 16 avril 1964, alors que se tenait le Congr\u00e8s du FLN, cheikh El-Ibrahimi publia dans les journaux une d\u00e9claration par laquelle il mettait en garde ceux qui d\u00e9tenaient le pouvoir contre les d\u00e9rives graves de leur politique qui faisaient, \u00e0 ses dires, glisser l&rsquo;Alg\u00e9rie vers la guerre civile.<\/p>\n<p>J&rsquo;ai retrouv\u00e9 la d\u00e9claration du cheikh en Fran\u00e7ais que je produis ci-bas, bien que se trouvant dans les m\u00e9moires de son fils M. Ahmedd Taleb Ibrahimi.<\/p>\n<p>Il y a de plus quelques coupures de presse sur ce qui avait \u00e9t\u00e9 dit \u00e0 l&rsquo;\u00e9poque dans quelques journaux fran\u00e7ais de cette d\u00e9claration que je reproduis \u00e9galement.<\/p>\n<p><!--more--><\/p>\n<p style=\"text-align: center;\"><a href=\"https:\/\/www.elmadani.org\/fr\/wp-content\/uploads\/D\u00e9claration-Ibrahimi1.jpg\"><img loading=\"lazy\" decoding=\"async\" class=\"aligncenter size-large wp-image-555\" alt=\"D\u00e9claration Ibrahimi\" src=\"https:\/\/www.elmadani.org\/fr\/wp-content\/uploads\/D\u00e9claration-Ibrahimi1-801x1024.jpg\" width=\"801\" height=\"1024\" srcset=\"https:\/\/www.elmadani.org\/fr\/wp-content\/uploads\/D\u00e9claration-Ibrahimi1-801x1024.jpg 801w, https:\/\/www.elmadani.org\/fr\/wp-content\/uploads\/D\u00e9claration-Ibrahimi1-234x300.jpg 234w, https:\/\/www.elmadani.org\/fr\/wp-content\/uploads\/D\u00e9claration-Ibrahimi1.jpg 1648w\" sizes=\"auto, (max-width: 801px) 100vw, 801px\" \/><\/a><\/p>\n<p style=\"text-align: center;\"><a href=\"https:\/\/www.elmadani.org\/fr\/wp-content\/uploads\/Paris-Jours-surt-la-d\u00e9claration-de-Ibrahimi1.jpg\"><img loading=\"lazy\" decoding=\"async\" class=\"aligncenter size-full wp-image-553\" alt=\"Paris Jours surt la d\u00e9claration de Ibrahimi\" src=\"https:\/\/www.elmadani.org\/fr\/wp-content\/uploads\/Paris-Jours-surt-la-d\u00e9claration-de-Ibrahimi1.jpg\" width=\"491\" height=\"731\" srcset=\"https:\/\/www.elmadani.org\/fr\/wp-content\/uploads\/Paris-Jours-surt-la-d\u00e9claration-de-Ibrahimi1.jpg 491w, https:\/\/www.elmadani.org\/fr\/wp-content\/uploads\/Paris-Jours-surt-la-d\u00e9claration-de-Ibrahimi1-201x300.jpg 201w\" sizes=\"auto, (max-width: 491px) 100vw, 491px\" \/><\/a> <a href=\"https:\/\/www.elmadani.org\/fr\/wp-content\/uploads\/Inconnu-2-sur-la-d\u00e9claration-de-Ibrahimi1.jpg\"><img loading=\"lazy\" decoding=\"async\" class=\"aligncenter size-large wp-image-556\" alt=\"Inconnu 2 sur la d\u00e9claration de Ibrahimi\" src=\"https:\/\/www.elmadani.org\/fr\/wp-content\/uploads\/Inconnu-2-sur-la-d\u00e9claration-de-Ibrahimi1-571x1024.jpg\" width=\"571\" height=\"1024\" srcset=\"https:\/\/www.elmadani.org\/fr\/wp-content\/uploads\/Inconnu-2-sur-la-d\u00e9claration-de-Ibrahimi1-571x1024.jpg 571w, https:\/\/www.elmadani.org\/fr\/wp-content\/uploads\/Inconnu-2-sur-la-d\u00e9claration-de-Ibrahimi1-167x300.jpg 167w, https:\/\/www.elmadani.org\/fr\/wp-content\/uploads\/Inconnu-2-sur-la-d\u00e9claration-de-Ibrahimi1.jpg 1296w\" sizes=\"auto, (max-width: 571px) 100vw, 571px\" \/><\/a> <a href=\"https:\/\/www.elmadani.org\/fr\/wp-content\/uploads\/Inconnu-sur-la-d\u00e9claration-de-Ibrahimi1.jpg\"><img loading=\"lazy\" decoding=\"async\" class=\"aligncenter size-large wp-image-557\" alt=\"Inconnu sur la d\u00e9claration de Ibrahimi\" src=\"https:\/\/www.elmadani.org\/fr\/wp-content\/uploads\/Inconnu-sur-la-d\u00e9claration-de-Ibrahimi1-582x1024.jpg\" width=\"582\" height=\"1024\" srcset=\"https:\/\/www.elmadani.org\/fr\/wp-content\/uploads\/Inconnu-sur-la-d\u00e9claration-de-Ibrahimi1-582x1024.jpg 582w, https:\/\/www.elmadani.org\/fr\/wp-content\/uploads\/Inconnu-sur-la-d\u00e9claration-de-Ibrahimi1-170x300.jpg 170w\" sizes=\"auto, (max-width: 582px) 100vw, 582px\" \/><\/a> <a href=\"https:\/\/www.elmadani.org\/fr\/wp-content\/uploads\/La-croix-sur-la-d\u00e9claration-de-Ibrahimi1.jpg\"><img loading=\"lazy\" decoding=\"async\" class=\"aligncenter size-large wp-image-558\" alt=\"La croix sur la d\u00e9claration de Ibrahimi\" src=\"https:\/\/www.elmadani.org\/fr\/wp-content\/uploads\/La-croix-sur-la-d\u00e9claration-de-Ibrahimi1-1024x1015.jpg\" width=\"1024\" height=\"1015\" srcset=\"https:\/\/www.elmadani.org\/fr\/wp-content\/uploads\/La-croix-sur-la-d\u00e9claration-de-Ibrahimi1-1024x1015.jpg 1024w, https:\/\/www.elmadani.org\/fr\/wp-content\/uploads\/La-croix-sur-la-d\u00e9claration-de-Ibrahimi1-150x150.jpg 150w, https:\/\/www.elmadani.org\/fr\/wp-content\/uploads\/La-croix-sur-la-d\u00e9claration-de-Ibrahimi1-300x297.jpg 300w, https:\/\/www.elmadani.org\/fr\/wp-content\/uploads\/La-croix-sur-la-d\u00e9claration-de-Ibrahimi1.jpg 1653w\" sizes=\"auto, (max-width: 1024px) 100vw, 1024px\" \/><\/a> <a href=\"https:\/\/www.elmadani.org\/fr\/wp-content\/uploads\/Linformation-sur-la-d\u00e9claration-de-Ibrahimi1.jpg\"><img loading=\"lazy\" decoding=\"async\" class=\"aligncenter size-large wp-image-559\" alt=\"L'information sur la d\u00e9claration de Ibrahimi\" src=\"https:\/\/www.elmadani.org\/fr\/wp-content\/uploads\/Linformation-sur-la-d\u00e9claration-de-Ibrahimi1-590x1024.jpg\" width=\"590\" height=\"1024\" srcset=\"https:\/\/www.elmadani.org\/fr\/wp-content\/uploads\/Linformation-sur-la-d\u00e9claration-de-Ibrahimi1-590x1024.jpg 590w, https:\/\/www.elmadani.org\/fr\/wp-content\/uploads\/Linformation-sur-la-d\u00e9claration-de-Ibrahimi1-172x300.jpg 172w, https:\/\/www.elmadani.org\/fr\/wp-content\/uploads\/Linformation-sur-la-d\u00e9claration-de-Ibrahimi1.jpg 624w\" sizes=\"auto, (max-width: 590px) 100vw, 590px\" \/><\/a> <a href=\"https:\/\/www.elmadani.org\/fr\/wp-content\/uploads\/Combat-sur-la-d\u00e9claration-de-Ibrahimi1.jpg\"><img loading=\"lazy\" decoding=\"async\" class=\"aligncenter size-large wp-image-554\" alt=\"Combat sur la d\u00e9claration de Ibrahimi\" src=\"https:\/\/www.elmadani.org\/fr\/wp-content\/uploads\/Combat-sur-la-d\u00e9claration-de-Ibrahimi1-551x1024.jpg\" width=\"551\" height=\"1024\" srcset=\"https:\/\/www.elmadani.org\/fr\/wp-content\/uploads\/Combat-sur-la-d\u00e9claration-de-Ibrahimi1-551x1024.jpg 551w, https:\/\/www.elmadani.org\/fr\/wp-content\/uploads\/Combat-sur-la-d\u00e9claration-de-Ibrahimi1-161x300.jpg 161w, https:\/\/www.elmadani.org\/fr\/wp-content\/uploads\/Combat-sur-la-d\u00e9claration-de-Ibrahimi1.jpg 920w\" sizes=\"auto, (max-width: 551px) 100vw, 551px\" \/><\/a><\/p>\n","protected":false},"excerpt":{"rendered":"<p>Le 16 avril 1964, alors que se tenait le Congr\u00e8s du FLN, cheikh El-Ibrahimi publia dans les journaux une d\u00e9claration par laquelle il mettait en garde ceux qui [&hellip;]<\/p>\n","protected":false},"author":525,"featured_media":0,"comment_status":"open","ping_status":"closed","sticky":false,"template":"","format":"standard","meta":{"footnotes":""},"categories":[28],"tags":[],"class_list":["post-539","post","type-post","status-publish","format-standard","hentry","category-apres-lindependance"],"_links":{"self":[{"href":"https:\/\/www.elmadani.org\/fr\/wp-json\/wp\/v2\/posts\/539","targetHints":{"allow":["GET"]}}],"collection":[{"href":"https:\/\/www.elmadani.org\/fr\/wp-json\/wp\/v2\/posts"}],"about":[{"href":"https:\/\/www.elmadani.org\/fr\/wp-json\/wp\/v2\/types\/post"}],"author":[{"embeddable":true,"href":"https:\/\/www.elmadani.org\/fr\/wp-json\/wp\/v2\/users\/525"}],"replies":[{"embeddable":true,"href":"https:\/\/www.elmadani.org\/fr\/wp-json\/wp\/v2\/comments?post=539"}],"version-history":[{"count":0,"href":"https:\/\/www.elmadani.org\/fr\/wp-json\/wp\/v2\/posts\/539\/revisions"}],"wp:attachment":[{"href":"https:\/\/www.elmadani.org\/fr\/wp-json\/wp\/v2\/media?parent=539"}],"wp:term":[{"taxonomy":"category","embeddable":true,"href":"https:\/\/www.elmadani.org\/fr\/wp-json\/wp\/v2\/categories?post=539"},{"taxonomy":"post_tag","embeddable":true,"href":"https:\/\/www.elmadani.org\/fr\/wp-json\/wp\/v2\/tags?post=539"}],"curies":[{"name":"wp","href":"https:\/\/api.w.org\/{rel}","templated":true}]}}