{"id":64,"date":"2012-07-27T19:46:29","date_gmt":"2012-07-27T18:46:29","guid":{"rendered":"http:\/\/www.elmadani.org\/fr\/?p=64"},"modified":"2012-07-28T18:24:17","modified_gmt":"2012-07-28T17:24:17","slug":"ahmedd-tewfik-el-madani-vu-par-lencyclopedie-universalis","status":"publish","type":"post","link":"https:\/\/www.elmadani.org\/fr\/ahmedd-tewfik-el-madani-vu-par-lencyclopedie-universalis\/","title":{"rendered":"Ahmed Tewfik el Madani vu par l&rsquo;encyclop\u00e9die Universalis"},"content":{"rendered":"<h1>MADANI AHMAD TAWFIQ AL- (1899-1983)<\/h1>\n<p>Historien et homme d&rsquo;\u00c9tat alg\u00e9rien, n\u00e9 en Tunisie\u00a0; il a fait ses \u00e9tudes sup\u00e9rieures \u00e0 al-Zayt\u016bna de 1913 \u00e0 1915. Al-Madan\u012b prend part au mouvement nationaliste tunisien \u00e0 ses d\u00e9buts et compte parmi les fondateurs du parti du Destour. Exil\u00e9 en Alg\u00e9rie en 1924, il milite avec les ul\u00e9mas alg\u00e9riens. R\u00e9dacteur politique de la revue\u00a0<em>Al-Shih\u0101b<\/em>\u00a0(1931), r\u00e9dacteur en chef d&rsquo;<em>Al-Bas\u0101&rsquo;ir<\/em>, secr\u00e9taire permanent du Front alg\u00e9rien pour la d\u00e9fense et le respect de la libert\u00e9 (1952), membre fondateur du F.L.N., directeur du Bureau des affaires arabes du F.L.N. au Caire (1956-1958), ministre des Affaires culturelles du G.P.R.A., ministre des Biens de mainmorte \u00e0 l&rsquo;\u00e9poque de Ben Bella, ambassadeur d&rsquo;Alg\u00e9rie en \u2018Ir\u0101q, puis en Turquie et en Iran\u00a0; il est \u00e9galement membre de l&rsquo;Acad\u00e9mie de langue arabe du Caire.<\/p>\n<p>Outre ses activit\u00e9s de journaliste, Al-Madan\u012b a publi\u00e9 en 1950 une pi\u00e8ce de th\u00e9\u00e2tre,\u00a0<em>Hannibal<\/em>, destin\u00e9e \u00e0 exalter le sentiment national tunisien. Mais il est surtout connu par ses \u00e9tudes historiques\u00a0:\u00a0<em>Histoire de l&rsquo;Afrique du Nord, ou Carthage en quatre si\u00e8cles<\/em>\u00a0(<em>T\u0101r\u012bkh Sham\u0101l Ifr\u012bqyya aw Qartaghanna f\u012b arba&rsquo; \u2018u\u1e63\u016br<\/em>),\u00a0<em>Livre de l&rsquo;Alg\u00e9rie<\/em>\u00a0(<em>Kit\u0101b al-Ghaz\u0101&rsquo;ir<\/em>),\u00a0<em>Les Musulmans en Sicile et dans le sud de l&rsquo;Italie<\/em>\u00a0(<em>Al-Muslm\u016bn f\u012b gaz\u012brat \u1e62iqiliyya wa gan\u016bb I\u1e6d\u0101lya<\/em>),\u00a0<em>G\u00e9ographie de l&rsquo;Alg\u00e9rie\u00a0<\/em>(<em>Gughr\u0101fiyyat al-Qu\u1e6dr ibn al-Gaz\u0101&rsquo;ir\u012b<\/em>),\u00a0<em>Ibn Khaldoun et l&rsquo;Alg\u00e9rie<\/em>\u00a0(<em>Ibn Khald\u016bn wa-l gaz\u0101&rsquo;ir<\/em>).<\/p>\n<p>Les \u00e9tudes d&rsquo;Al-Madan\u012b ont certainement fait progresser la science historique en Afrique du Nord. Avant lui, Abul Q\u0101sim al-\u1e24ifn\u0101w\u012b (1852-1942) \u00e9crit \u00e0 la mani\u00e8re des anciens historiens arabes\u00a0: il se contente de compiler les livres de ses devanciers. Il ne discute jamais ses sources et accorde le m\u00eame cr\u00e9dit aux l\u00e9gendes et aux faits. Al-Madan\u012b, lui, consulte les ouvrages fran\u00e7ais et arabes\u00a0; il use de proc\u00e9d\u00e9s modernes, exploite les statistiques, d\u00e9pouille les journaux et les documents. Il m\u00e8ne son travail avec m\u00e9thode\u00a0: \u00ab\u00a0R\u00e9unir les facteurs de l&rsquo;essor et les causes de la d\u00e9cadence, relier les \u00e9v\u00e9nements \u00e0 leurs causes et\u00a0[\u2026]<\/p>\n<p>&nbsp;<\/p>\n<p>Pour lire l&rsquo;article au complet, il faut s&rsquo;abonner \u00e0 l&rsquo;Universalis. Nous n&rsquo;avons reproduit que ce qui est public.<\/p>\n","protected":false},"excerpt":{"rendered":"<p>MADANI AHMAD TAWFIQ AL- (1899-1983) Historien et homme d&rsquo;\u00c9tat alg\u00e9rien, n\u00e9 en Tunisie\u00a0; il a fait ses \u00e9tudes sup\u00e9rieures \u00e0 al-Zayt\u016bna de 1913 \u00e0 1915. Al-Madan\u012b prend part [&hellip;]<\/p>\n","protected":false},"author":525,"featured_media":0,"comment_status":"open","ping_status":"closed","sticky":false,"template":"","format":"standard","meta":{"footnotes":""},"categories":[7],"tags":[8,10,9,11],"class_list":["post-64","post","type-post","status-publish","format-standard","hentry","category-ils-ont-dit-dahmed-tewfik-el-madani","tag-ahmed","tag-madani","tag-tewfik","tag-universalis"],"_links":{"self":[{"href":"https:\/\/www.elmadani.org\/fr\/wp-json\/wp\/v2\/posts\/64","targetHints":{"allow":["GET"]}}],"collection":[{"href":"https:\/\/www.elmadani.org\/fr\/wp-json\/wp\/v2\/posts"}],"about":[{"href":"https:\/\/www.elmadani.org\/fr\/wp-json\/wp\/v2\/types\/post"}],"author":[{"embeddable":true,"href":"https:\/\/www.elmadani.org\/fr\/wp-json\/wp\/v2\/users\/525"}],"replies":[{"embeddable":true,"href":"https:\/\/www.elmadani.org\/fr\/wp-json\/wp\/v2\/comments?post=64"}],"version-history":[{"count":0,"href":"https:\/\/www.elmadani.org\/fr\/wp-json\/wp\/v2\/posts\/64\/revisions"}],"wp:attachment":[{"href":"https:\/\/www.elmadani.org\/fr\/wp-json\/wp\/v2\/media?parent=64"}],"wp:term":[{"taxonomy":"category","embeddable":true,"href":"https:\/\/www.elmadani.org\/fr\/wp-json\/wp\/v2\/categories?post=64"},{"taxonomy":"post_tag","embeddable":true,"href":"https:\/\/www.elmadani.org\/fr\/wp-json\/wp\/v2\/tags?post=64"}],"curies":[{"name":"wp","href":"https:\/\/api.w.org\/{rel}","templated":true}]}}