{"id":776,"date":"2015-06-28T19:25:41","date_gmt":"2015-06-28T18:25:41","guid":{"rendered":"http:\/\/www.elmadani.org\/fr\/?p=776"},"modified":"2025-04-03T12:18:24","modified_gmt":"2025-04-03T11:18:24","slug":"un-tres-beau-temoignage-de-m-ferhat-abbas-a-ahmed-tewfik-el-madani","status":"publish","type":"post","link":"https:\/\/www.elmadani.org\/fr\/un-tres-beau-temoignage-de-m-ferhat-abbas-a-ahmed-tewfik-el-madani\/","title":{"rendered":"Un tr\u00e8s beau t\u00e9moignage de M. Ferhat Abbas \u00e0 Ahmed Tewfik el Madani"},"content":{"rendered":"<p><a href=\"http:\/\/www.elmadani.org\/ar\/wp-content\/uploads\/T%C3%A9moignage-de-Ferhat-Abbas-%C3%A0-Tewfik-el-Madani.jpg\">T\u00e9moignage de Ferhat Abbas \u00e0 Ahmed Tewfik el Madani<\/a><\/p>\n\n\n<p>GOUVERNEMENT PROVISOIRE de la R\u00c9PUBLIQUE ALG\u00c9RIENNE<\/p>\n\n\n\n<p>TRIPOLI, le 2 janvier I960<\/p>\n\n\n\n<p>Pr\u00e9sidence du Conseil<\/p>\n\n\n\n<p class=\"has-text-align-right\">A MONSIEUR AHMED TEWFIK EL MADANI MINISTRE DES AFFAIRES CULTURELLES<\/p>\n\n\n\n<p>Mon cher fr\u00e8re et coll\u00e8gue,<\/p>\n\n\n\n<p>Au moment o\u00f9 je remets, devant le Conseil National de la R\u00e9volution Alg\u00e9rienne, la d\u00e9mission collective du Gouvernement constitu\u00e9 le 19 septembre 1958, je me dois de t&rsquo;adresser mes plus fraternels et chaleureux remerciements pour la loyale et fructueuse collaboration que tu m&rsquo;as apport\u00e9.<\/p>\n\n\n\n<p>J&rsquo;ai pu constater que tu as rempli, avec une haute conscience, les charges de ton minist\u00e8re. Je t\u2019en f\u00e9licite et t&rsquo;en porte t\u00e9moignage.<\/p>\n\n\n\n<p>Tr\u00e8s fraternellement \u00e0 toi.<\/p>\n\n\n\n<p>[CACHET ET SIGNATURE]<\/p>\n\n\n\n<p><\/p>\n","protected":false},"excerpt":{"rendered":"<p>T\u00e9moignage de Ferhat Abbas \u00e0 Ahmed Tewfik el Madani GOUVERNEMENT PROVISOIRE de la R\u00c9PUBLIQUE ALG\u00c9RIENNE TRIPOLI, le 2 janvier I960 Pr\u00e9sidence du Conseil A MONSIEUR AHMED TEWFIK EL [&hellip;]<\/p>\n","protected":false},"author":525,"featured_media":8690,"comment_status":"open","ping_status":"closed","sticky":false,"template":"","format":"standard","meta":{"footnotes":""},"categories":[27],"tags":[],"class_list":["post-776","post","type-post","status-publish","format-standard","has-post-thumbnail","hentry","category-atm-et-le-gpra"],"_links":{"self":[{"href":"https:\/\/www.elmadani.org\/fr\/wp-json\/wp\/v2\/posts\/776","targetHints":{"allow":["GET"]}}],"collection":[{"href":"https:\/\/www.elmadani.org\/fr\/wp-json\/wp\/v2\/posts"}],"about":[{"href":"https:\/\/www.elmadani.org\/fr\/wp-json\/wp\/v2\/types\/post"}],"author":[{"embeddable":true,"href":"https:\/\/www.elmadani.org\/fr\/wp-json\/wp\/v2\/users\/525"}],"replies":[{"embeddable":true,"href":"https:\/\/www.elmadani.org\/fr\/wp-json\/wp\/v2\/comments?post=776"}],"version-history":[{"count":4,"href":"https:\/\/www.elmadani.org\/fr\/wp-json\/wp\/v2\/posts\/776\/revisions"}],"predecessor-version":[{"id":8697,"href":"https:\/\/www.elmadani.org\/fr\/wp-json\/wp\/v2\/posts\/776\/revisions\/8697"}],"wp:featuredmedia":[{"embeddable":true,"href":"https:\/\/www.elmadani.org\/fr\/wp-json\/wp\/v2\/media\/8690"}],"wp:attachment":[{"href":"https:\/\/www.elmadani.org\/fr\/wp-json\/wp\/v2\/media?parent=776"}],"wp:term":[{"taxonomy":"category","embeddable":true,"href":"https:\/\/www.elmadani.org\/fr\/wp-json\/wp\/v2\/categories?post=776"},{"taxonomy":"post_tag","embeddable":true,"href":"https:\/\/www.elmadani.org\/fr\/wp-json\/wp\/v2\/tags?post=776"}],"curies":[{"name":"wp","href":"https:\/\/api.w.org\/{rel}","templated":true}]}}