{"id":8728,"date":"2025-04-14T11:31:49","date_gmt":"2025-04-14T10:31:49","guid":{"rendered":"https:\/\/www.elmadani.org\/fr\/?p=8728"},"modified":"2025-07-06T18:37:54","modified_gmt":"2025-07-06T17:37:54","slug":"dans-le-sillage-de-la-palestine-vol-2-art-2","status":"publish","type":"post","link":"https:\/\/www.elmadani.org\/fr\/dans-le-sillage-de-la-palestine-vol-2-art-2\/","title":{"rendered":"Dans le sillage de la Palestine (Vol. 2\/Art. 2)"},"content":{"rendered":"\n<p><\/p>\n\n\n\n<p><strong>Ech-Chih\u00e2b, Volume cinq, partie neuf, 1er octobre 1929<\/strong><\/p>\n\n\n\n<p>Le feu qui a d\u00e9truit les r\u00e9coltes et les hommes dans la terre des proph\u00e8tes de Dieu, dans cette terre sacr\u00e9e pour tous ceux qui reconnaissent une religion venue du ciel, s\u2019est \u00e9teint. Mais les rancunes bouillonnent encore dans les c\u0153urs, et la haine enracin\u00e9e dans les \u00e2mes des deux camps est extr\u00eamement difficile \u00e0 effacer tant que chacun reste attach\u00e9 \u00e0 sa vision et cherche \u00e0 atteindre son objectif : le musulman veut rester libre dans son pays, tandis que le sioniste veut le lui arracher pour en faire une patrie pour lui et ses descendants.<\/p>\n\n\n\n<p>Ce qui est d\u00e9sormais \u00e9tabli apr\u00e8s cette trag\u00e9die, c\u2019est que ce sont les Juifs qui ont commenc\u00e9 les hostilit\u00e9s. Leurs actions ont \u00e9t\u00e9 pr\u00e9m\u00e9dit\u00e9es, planifi\u00e9es dans l\u2019ombre. Et l\u2019objectif de ces troubles n\u2019est pas, comme il le semble, religieux, mais bien politique, \u00e9conomique et colonial. Il appara\u00eet aussi que les Juifs dans le monde se divisent en deux cat\u00e9gories : d\u2019une part, le Juif conservateur vivant dans diff\u00e9rents pays, et d\u2019autre part, le sioniste fanatique dont l\u2019avidit\u00e9 a aveugl\u00e9 la raison. Il y a une hostilit\u00e9 entre les deux, et le premier accuse le second \u2013 \u00e0 juste titre \u2013 d\u2019\u00eatre responsable de cette inimiti\u00e9 qui s\u2019est embras\u00e9e dans un pays o\u00f9 les Juifs jouissaient de leur libert\u00e9 religieuse depuis que l\u2019\u00e9tendard de l\u2019Islam y a \u00e9t\u00e9 lev\u00e9.<\/p>\n\n\n\n<p>Nous verrons ce que conclura la commission d\u2019enqu\u00eate anglaise mise en place par le gouvernement. Mais ce que l\u2019on peut affirmer d\u00e8s maintenant, c\u2019est que l\u2019Angleterre ne renoncera pas officiellement \u00e0 la D\u00e9claration Balfour. Toutefois, le colonialisme sioniste a re\u00e7u un coup s\u00e9v\u00e8re, dont il ne se rel\u00e8vera pas facilement. Et avant de clore ces lignes, nous devons exprimer notre admiration et notre estime pour le chef de la jeunesse arabe et la fiert\u00e9 des Qahtanites en Orient, le professeur Amine al-Husseini, Mufti de J\u00e9rusalem et leader des musulmans l\u00e0-bas. Il a pris une position honorable que l\u2019histoire islamique enregistrera avec respect et grandeur.<\/p>\n\n\n\n<p><a href=\"https:\/\/www.elmadani.org\/fr\/dans-le-sillage-de-la-palestine\/\">Pr\u00e9c\u00e9dent<\/a> \/ <a href=\"https:\/\/www.elmadani.org\/fr\/dans-le-sillage-de-la-palestine-vol-2-art-3\/\" target=\"_blank\" rel=\"noreferrer noopener\">Suivant<\/a><\/p>\n\n\n\n<p><\/p>\n","protected":false},"excerpt":{"rendered":"<p>Ech-Chih\u00e2b, Volume cinq, partie neuf, 1er octobre 1929 Le feu qui a d\u00e9truit les r\u00e9coltes et les hommes dans la terre des proph\u00e8tes de Dieu, dans cette terre [&hellip;]<\/p>\n","protected":false},"author":1967,"featured_media":0,"comment_status":"open","ping_status":"closed","sticky":false,"template":"","format":"standard","meta":{"footnotes":""},"categories":[61,63],"tags":[],"class_list":["post-8728","post","type-post","status-publish","format-standard","hentry","category-articles-de-ahmed-tewfik-el-madani","category-ech-chihab"],"_links":{"self":[{"href":"https:\/\/www.elmadani.org\/fr\/wp-json\/wp\/v2\/posts\/8728","targetHints":{"allow":["GET"]}}],"collection":[{"href":"https:\/\/www.elmadani.org\/fr\/wp-json\/wp\/v2\/posts"}],"about":[{"href":"https:\/\/www.elmadani.org\/fr\/wp-json\/wp\/v2\/types\/post"}],"author":[{"embeddable":true,"href":"https:\/\/www.elmadani.org\/fr\/wp-json\/wp\/v2\/users\/1967"}],"replies":[{"embeddable":true,"href":"https:\/\/www.elmadani.org\/fr\/wp-json\/wp\/v2\/comments?post=8728"}],"version-history":[{"count":4,"href":"https:\/\/www.elmadani.org\/fr\/wp-json\/wp\/v2\/posts\/8728\/revisions"}],"predecessor-version":[{"id":8783,"href":"https:\/\/www.elmadani.org\/fr\/wp-json\/wp\/v2\/posts\/8728\/revisions\/8783"}],"wp:attachment":[{"href":"https:\/\/www.elmadani.org\/fr\/wp-json\/wp\/v2\/media?parent=8728"}],"wp:term":[{"taxonomy":"category","embeddable":true,"href":"https:\/\/www.elmadani.org\/fr\/wp-json\/wp\/v2\/categories?post=8728"},{"taxonomy":"post_tag","embeddable":true,"href":"https:\/\/www.elmadani.org\/fr\/wp-json\/wp\/v2\/tags?post=8728"}],"curies":[{"name":"wp","href":"https:\/\/api.w.org\/{rel}","templated":true}]}}