{"id":916,"date":"2020-12-16T20:23:12","date_gmt":"2020-12-16T19:23:12","guid":{"rendered":"http:\/\/www.elmadani.org\/fr\/?p=916"},"modified":"2025-04-04T18:11:59","modified_gmt":"2025-04-04T17:11:59","slug":"la-decouverte-de-lamerique-par-les-carthaginois-vers-lan-125-avant-j-c","status":"publish","type":"post","link":"https:\/\/www.elmadani.org\/fr\/la-decouverte-de-lamerique-par-les-carthaginois-vers-lan-125-avant-j-c\/","title":{"rendered":"La d\u00e9couverte de l\u2019Am\u00e9rique par les Carthaginois vers l\u2019an 125 avant J.-C."},"content":{"rendered":"\n<p>\n<strong>La langue arabe, langue du\nMaghreb depuis trois mille ans<\/strong><\/p>\n\n\n\n<p>Le pr\u00e9sent article est la traduction aussi fid\u00e8le que possible d&rsquo;une \u00e9tude d&rsquo;Ahmed Tewfik el-Madani parue dans <a href=\"https:\/\/www.elmadani.org\/ar\/wp-content\/uploads\/Noor-Book.com-%D8%AA%D9%82%D9%88%D9%8A%D9%85-%D8%A7%D9%84%D9%85%D9%86%D8%B5%D9%88%D8%B1-Vol-3-2-.pdf\">taqw\u00eem al-mans\u00fbr de l&rsquo;ann\u00e9e 1348 de l&rsquo;h\u00e9gire<\/a>, page 74.<\/p>\n\n\n\n<p>\nNos pays d\u2019Afrique du Nord \u00e9taient, dans le lointain pass\u00e9,\nrepli\u00e9s sur eux, s\u00e9par\u00e9s du reste du monde. Les Berb\u00e8res y\nmenaient une vie \u00e9l\u00e9mentaire, ordinaire, gardant quelques us et\ncoutumes qu\u2019ils avaient ramen\u00e9 avec eux de divers lieux d\u2019Orient\n\u00e0 une \u00e9poque dont on ignore le commencement, avec ce qu\u2019ils\navaient emport\u00e9 avec eux, en p\u00e9n\u00e9trant dans le pays du Nil, comme\nculture rudimentaire et cultes des \u00c9gyptiens.<\/p>\n\n\n\n<p>\nLes civilisations autour de la m\u00e9diterran\u00e9e \u00e9taient \u00e0 cette\n\u00e9poque au nombre de trois, se partageant la partie orientale de\ncette mer, chacune se caract\u00e9risant des autres par divers\ncaract\u00e8res&nbsp;:<\/p>\n\n\n\n<ul class=\"wp-block-list\">\n<li>\n\tLa premi\u00e8re \u00e9tait la civilisation grecque au Nord, civilisation de\n\tphilosophie, de sagesse et de beaux-arts.\n\t<\/li>\n\n\n\n<li>\n\tLa seconde, la civilisation \u00e9gyptienne au Sud, civilisation de\n\tprestige, d\u2019apparat et de science.\n\t<\/li>\n\n\n\n<li>\n\tLa troisi\u00e8me enfin, la civilisation des Arabes ph\u00e9niciens \u00e0\n\tl\u2019Est, civilisation d\u2019industrie, de science, d\u2019aventures et de\n\tconqu\u00eates. \n\t\n<\/li>\n<\/ul>\n\n\n\n<p>\nAucune civilisation dans le vieux monde n\u2019a eu autant d\u2019impact\nsur le cours des \u00e9v\u00e8nements que la civilisation ph\u00e9nicienne. C\u2019est\nen effet elle qui a propag\u00e9 la lumi\u00e8re dans des diverses contr\u00e9es\nobscures, qui s\u2019est dirig\u00e9e aux diff\u00e9rents confins de la terre\nportant avec elle ce qu\u2019il y avait de plus \u00e9lev\u00e9 comme produits,\nfruits du savoir, manufactur\u00e9s par des mains de Ph\u00e9nicie, d\u2019\u00c9gypte\net de Gr\u00e8ce.<\/p>\n\n\n\n<p>\nLes Ph\u00e9niciens, qui sont les descendants des tribus arabes de\nCanaan, qui s\u2019\u00e9taient install\u00e9es au Liban actuel, furent les\npremiers \u00e0 construire des navires leur permettant de traverser les\nmers et d\u2019atteindre ainsi le bout du monde civilis\u00e9 de l\u2019\u00e9poque.\nIls furent les bons interm\u00e9diaires dans le transfert de la\ncivilisation et la mise en contact des diverses peuplades du monde.\nIls furent ainsi des messagers de la civilisation et de la culture.<\/p>\n\n\n\n<p>\nL\u2019an mille avant l\u2019\u00e8re chr\u00e9tienne, l\u2019ann\u00e9e m\u00eame o\u00f9 le\nproph\u00e8te Salomon fils de David f\u00eatait la fin de l\u2019\u00e9dification du\ntemple construit pour les enfants d\u2019Isra\u00ebl \u00e0 J\u00e9rusalem, un\ngroupe de conqu\u00e9rants arabes ph\u00e9niciens constitua une flotte puis\nmena une exp\u00e9dition vers le Maghreb et se m\u00e9langea \u00e0 ses\nhabitants&nbsp;: les Berb\u00e8res. Les ph\u00e9niciens y \u00e9difi\u00e8rent une\nligne de communications maritimes r\u00e9guli\u00e8res entre l\u2019Afrique du\nNord et la Ph\u00e9nicie. Ils \u00e9difi\u00e8rent alors sur les c\u00f4tes de\nl\u2019Afrique du Nord des comptoirs leur permettant l\u2019\u00e9change de\nmarchandises et les activit\u00e9s commerciales. C\u2019est ainsi qu\u2019ils\n\u00e9difi\u00e8rent les principaux ports d\u2019Afrique du Nord&nbsp;: Sousse,\nTunis, Outeika, Bizerte, Jijel, B\u00e9ja\u00efa et T\u00e9n\u00e8s.<\/p>\n\n\n\n<p>\nBerb\u00e8res et Arabes Ph\u00e9niciens se m\u00e9lang\u00e8rent sur ces c\u00f4tes et\ndans ces villes pendant six cents ans entiers, avant m\u00eame\nl\u2019\u00e9dification de l\u2019\u00c9tat carthaginois. C\u2019est ainsi que les\nArabes ph\u00e9niciens introduisirent leur langue, l\u2019arabe, en Afrique\ndu Nord \u00e0 compter de l\u2019an 1000 avant J\u00e9sus-christ.<\/p>\n\n\n\n<p>\nIl est tout naturel que le lecteur me demande la preuve probante qui\natteste que les Ph\u00e9niciens sont Arabes et qu\u2019ils sont bien fils de\nCanaan, que la langue qu\u2019ils employaient quotidiennement dans leurs\ncommunications \u00e9tait bien la langue arabe.<\/p>\n\n\n\n<p>\nLe lecteur a bien raison de demander la preuve du fait que statuer\nsur un fait historique pareil, s\u2019il ne repose pas sur un fondement\nin\u00e9branlable, s\u2019apparente plus \u00e0 la l\u00e9gende qu\u2019\u00e0 l\u2019histoire.<\/p>\n\n\n\n<p>\nIl y a peu de temps, les historiens ignoraient totalement l\u2019origine\ndes Ph\u00e9niciens. Toutefois, les d\u00e9couvertes arch\u00e9ologiques sont\nvenues attester sans l\u2019ombre d\u2019un doute que les Ph\u00e9niciens sont\nCanan\u00e9ens. C\u2019est m\u00eame ce nom qu\u2019ils employaient pour se\nd\u00e9signer eux m\u00eame dans les inscriptions sur la pierre. Le lecteur\nn\u2019ignore pas que les Ph\u00e9niciens sont les premiers \u00e0 avoir cr\u00e9\u00e9\nl\u2019alphabet permettant de transcrire les connaissances humaines. Ces\nd\u00e9couvertes ne laissent planer aucun doute&nbsp;: on les voit se\nfaire appeler \u00ab&nbsp;fils de Canaan&nbsp;\u00bb et la langue qu\u2019ils\nemploient est tr\u00e8s proche de l\u2019arabe dialectal en usage aux\nalentours de Tunis et \u00e0 Malte avant qu\u2019elle ne subisse l\u2019influence\ndes diverses langues europ\u00e9ennes.<\/p>\n\n\n\n<p>\nLes habitants de Malte sont les purs descendants de l\u2019\u00e9l\u00e9ment\nph\u00e9nicien. Leur langue arabe qui \u00e9tait pure depuis des si\u00e8cles,\nils ne l\u2019ont pas acquise durant l\u2019occupation arabe de Malte.\nC\u2019est la langue de leurs a\u00efeuls depuis que les Ph\u00e9niciens ont\nhabit\u00e9 l\u2019\u00eele. Ils ne l\u2019ont jamais remplac\u00e9e par une autre\nlangue car on ne conna\u00eet pas un peuple qui appartient aux racines\narabes qui ait abandonn\u00e9 sa langue pour une autre.<\/p>\n\n\n\n<p>\nCes nombreuses d\u00e9couvertes arch\u00e9ologiques ont \u00e9t\u00e9 faites tant\u00f4t\nen Syrie, tant\u00f4t en Afrique du Nord. L\u2019une de ces d\u00e9couvertes a\nm\u00eame \u00e9t\u00e9 faite en Am\u00e9rique du Sud et elle sera l\u2019objet de notre\n\u00e9tude.<\/p>\n\n\n\n<p>\nDe toutes ces d\u00e9couvertes, on comprend que la langue officielle\ng\u00e9n\u00e9rale de tous ces groupements humains qui se faisaient appeler\n\u00ab&nbsp;fils de Canaan&nbsp;\u00bb \u00e9tait bel et bien la langue arabe.<\/p>\n\n\n\n<p>\nLorsque les Canan\u00e9ens emprunt\u00e8rent les voies navales entre leur\npays et l\u2019Afrique du Nord, qu\u2019ils y \u00e9difi\u00e8rent sur ses c\u00f4tes\ndes comptoirs maritimes, qu\u2019ils se m\u00e9lang\u00e8rent \u00e0 leurs cousins\nberb\u00e8res<a href=\"#sdfootnote1sym\"><sup>1<\/sup><\/a>,\nla langue arabe fit son entr\u00e9e dans le pays berb\u00e8re. Et c\u2019est\nainsi qu\u2019elle a pris place en Afrique du Nord depuis trois mille\nans environ faisant de nos pays maghr\u00e9bins les premiers pays au\nmonde o\u00f9 la langue arabe a p\u00e9n\u00e9tr\u00e9 et s\u2019y est implant\u00e9 apr\u00e8s\nla p\u00e9ninsule arabique.<\/p>\n\n\n\n<p>\nLorsque Carthage fut fond\u00e9e et qu\u2019elle prit de l\u2019ampleur au\npoint de devenir la plus grande cit\u00e9 du monde antique, lorsqu\u2019elle\n\u00e9tendit son influence civilisatrice pacifique \u00e0 toutes les contr\u00e9es\nd\u2019Afrique du Nord, sa langue officielle \u00e9tait la langue\nph\u00e9nicienne arabe comme nous pouvons le constater dans les fouilles\narch\u00e9ologiques pr\u00e9c\u00e9demment cit\u00e9es et particuli\u00e8rement dans un\ndocument que nous pr\u00e9sentons ci-apr\u00e8s.<\/p>\n\n\n\n<p>\nLe lecteur ne se doute nullement que la langue de l\u2019\u00c9tat de\nCarthage qui se d\u00e9veloppe en Afrique du Nord et y demeure pendant\npr\u00e8s de sept si\u00e8cles fini par conqu\u00e9rir l\u2019arri\u00e8re-pays et s\u2019y\nimplanter durablement.<\/p>\n\n\n\n<p>\nCarthage a atteint un degr\u00e9 de d\u00e9veloppement et de prosp\u00e9rit\u00e9\nincomparable en son temps. Elle \u00e9tait semblable \u00e0 New York ou\nLondres de notre \u00e9poque par le nombre de ses habitants et l\u2019\u00e9tendue\nde ses travaux.<\/p>\n\n\n\n<p>\nLes Ph\u00e9niciens, apr\u00e8s avoir perdu leur pays d\u2019origine, la\nPh\u00e9nicie, ne pouvaient se contenter de leur possessions. Ils\n\u00e9difi\u00e8rent alors la premi\u00e8re r\u00e9publique organis\u00e9e au monde. Ils\nla dot\u00e8rent d\u2019une constitution qui est la premi\u00e8re que le monde\nait connu. Ils envoy\u00e8rent leurs marins en \u00e9claireurs pour d\u00e9couvrir\nd\u2019autres contr\u00e9es et y \u00e9difier des comptoirs c\u00f4tiers leur\npermettant de tracer des lignes maritimes entre les diff\u00e9rents\ncentres. C\u2019est ainsi que leurs navires atteignirent l\u2019Angleterre\nau Nord, le Cameroun au sud. Ils nous laiss\u00e8rent le c\u00e9l\u00e8bre\n\u00ab&nbsp;P\u00e9riple de Hannon&nbsp;\u00bb<a href=\"#sdfootnote2sym\"><sup>2<\/sup><\/a>\nt\u00e9moin de cette grandeur et de ces travaux somptueux.<\/p>\n\n\n\n<p>\nL\u2019histoire du monde aurait certainement \u00e9t\u00e9 toute autre si\nCarthage avait pu poursuivre son extension pacifique et ses travaux\nmarchands extraordinaires.<\/p>\n\n\n\n<p>\nMalheureusement, \u00e0 peine le deuxi\u00e8me si\u00e8cle avant J.-C. entam\u00e9\nque voil\u00e0 l\u2019envie et les conspirations qui s\u2019emparent du tout\nnouvel \u00e9tat romain qui vient de na\u00eetre et de s\u2019organiser en\nItalie.<\/p>\n\n\n\n<p>\nL\u2019\u00e9tat romain \u00e9difia son unit\u00e9 nationale et s\u2019organisa\nsagement. Aussit\u00f4t, le nouvel \u00e9tat a \u00e9t\u00e9 saisi du d\u00e9sir\nd\u2019h\u00e9g\u00e9monie et de colonialisme. Constatant l\u2019\u00e9tat d\u2019avancement\ndont b\u00e9n\u00e9ficiait Carthage et la beaut\u00e9 de ses propri\u00e9t\u00e9s, Rome\nd\u00e9cida de l\u2019an\u00e9antir et lui prendre ses biens. C\u2019est ainsi que\nce d\u00e9sir insatiable de s\u2019approprier des biens d\u2019autrui et les\nvell\u00e9it\u00e9s de colonialisme la pouss\u00e8rent \u00e0 commettre ce crime\nbarbare qu\u2019\u00e9tait la destruction de Carthage. C\u2019est ainsi que fut\nd\u00e9truite une des plus belles civilisations du monde.<\/p>\n\n\n\n<p> Le lecteur prendra davantage conscience du d\u00e9sastre que symbolise la destruction de Carthage lorsqu\u2019il apprendra que vers la fin de leur existence, les carthaginois avaient d\u00e9couverts le continent am\u00e9ricain. Cette d\u00e9couverte est tomb\u00e9e en d\u00e9su\u00e9tude lorsque l\u2019injustice a triomph\u00e9 de la justice et que la barbarie guerri\u00e8re a eu raison de la civilisation de la paix commerciale. Carthage, la paisible, a br\u00fbl\u00e9 et Rome, la guerri\u00e8re, la conqu\u00e9rante, a triomph\u00e9.<\/p>\n\n\n\n<figure class=\"wp-block-image\"><img decoding=\"async\" src=\"https:\/\/www.elmadani.org\/fr\/wp-content\/uploads\/THWi0b-1024x745.png\" alt=\"\" class=\"wp-image-917\"\/><\/figure>\n\n\n\n<p class=\"has-text-align-center\"><\/p>\n\n\n\n<figure class=\"wp-block-image\"><img decoding=\"async\" src=\"https:\/\/www.elmadani.org\/fr\/wp-content\/uploads\/97tkjK-1024x500.png\" alt=\"\" class=\"wp-image-918\"\/><\/figure>\n\n\n\n<p><\/p>\n\n\n\n<p>\n <strong>Comment les Ph\u00e9niciens ont-ils d\u00e9couvert l\u2019Am\u00e9rique&nbsp;?<\/strong><\/p>\n\n\n\n<p>\nLes Ph\u00e9niciens ont-ils voyag\u00e9 selon un plan de route bien dessin\u00e9\ndans le but de d\u00e9couvrir ce qu\u2019il y avait apr\u00e8s l\u2019oc\u00e9an comme\nils l\u2019on fait au moment de d\u00e9couvrir les c\u00f4tes occidentales de\nl\u2019Afrique&nbsp;? Ou bien est-ce le hasard qui a fait que les vents\npoussent les navires carthaginois vers l\u2019inconnu jusqu\u2019\u00e0 ce\nqu\u2019ils accostent de fa\u00e7on purement accidentelle sur les c\u00f4tes du\nBr\u00e9sil.<\/p>\n\n\n\n<p>\nNous pouvons certifier que ces marins ont accost\u00e9 sur les c\u00f4tes de\nl\u2019Am\u00e9rique dans le but de d\u00e9couvrir de nouvelles terres. Ils ne\nsont pas partis par hasard. Ce jugement, nous le tirons de phrases\nque ces m\u00eames marins ont grav\u00e9 et qui t\u00e9moignent de leur d\u00e9go\u00fbt\nde ne pas avoir revu leur roi qu\u2019ils accusent de les avoir\nabandonn\u00e9 en ce lieu et d\u2019avoir regagn\u00e9 Carthage. Nous verrons\nplus loin que leur accusation n\u2019est toutefois pas fond\u00e9e.<\/p>\n\n\n\n<p>\nSi les Romains avaient laiss\u00e9 Carthage et ses \u00e9difices intacts, les\nchercheurs auraient probablement retrouv\u00e9 quelques traces de cette\nd\u00e9couverte. Malheureusement, le feu romain allum\u00e9 par le\ngouvernement a eu raison de la ville de laquelle il ne reste rien.<\/p>\n\n\n\n<p> Cependant, les arabes carthaginois, s\u2019ils n\u2019ont rien laiss\u00e9 de cette d\u00e9couverte sur le sol m\u00eame de leur patrie, ils en ont laiss\u00e9 trace dans la terre qu\u2019ils venaient de d\u00e9couvrir : le Br\u00e9sil.<\/p>\n\n\n\n<p> La trace dont nous parlons a \u00e9t\u00e9 d\u00e9couverte pour le docteur br\u00e9silien M. Ladislau&nbsp;Netto. Ce dernier publie dans le 1<sup>er<\/sup> tome du livre anglais \u00ab&nbsp;Antropology&nbsp;\u00bbune photo de la pierre en marbre d\u00e9couverte<a href=\"#sdfootnote3sym\"><sup>3<\/sup><\/a> .<\/p>\n\n\n\n<p>\nDes linguistes ont envoy\u00e9 cette photo \u00e0 l\u2019\u00e9minent chercheur\nmaltais aux origines ph\u00e9niciennes le regrett\u00e9 M. Caligua d\u2019Alger.<\/p>\n\n\n\n<p> La d\u00e9couverte est une pierre tombale<a href=\"#sdfootnote4sym\"><sup>4<\/sup><\/a> en marbre grav\u00e9e relatant la d\u00e9couverte et le triste sort qui a \u00e9t\u00e9 celui de ses auteurs.<\/p>\n\n\n\n<p>\nCette fouille arch\u00e9ologique a permis d\u2019\u00e9tablir quatre faits&nbsp;:<\/p>\n\n\n\n<p>\n1 \u2013 Les Carthaginois Ph\u00e9niciens se faisaient appeler fils de\nCanaan comme nous l\u2019avons signal\u00e9 plus haut.<\/p>\n\n\n\n<p>\n2 \u2013 Que leur langue arabe \u00e9tait voisine de l\u2019arabe dialectal de\nl\u2019Afrique du nord.<\/p>\n\n\n\n<p>\n3 \u2013 Que les carthaginois perp\u00e9tuaient leurs noms de \u00ab&nbsp;fils\nde Canaan&nbsp;\u00bb bien qu\u2019ils avaient \u00e9difi\u00e9 leur nouvel \u00e9tat.\nEn ce point, ils sont semblables aux Arabes qui \u00e0 ce jour se\nrattachent \u00e0 leur presqu\u2019\u00eele (l\u2019Arabie) bien qu\u2019ils se sont\n\u00e9tablis en Afrique du nord depuis douze si\u00e8cles d\u00e9j\u00e0.<\/p>\n\n\n\n<p>\n4 \u2013 et c\u2019est le point le plus important, c\u2019est que les\nCarthaginois ont bel et bien d\u00e9couvert l\u2019Am\u00e9rique depuis l\u2019an\n125 environ, soit quelques 16 si\u00e8cles avant Christophe Colomb.<\/p>\n\n\n\n<p> Quel aurait \u00e9t\u00e9 le devenir du monde et de la civilisation si l\u2019Am\u00e9rique avait \u00e9t\u00e9 en contact avec l\u2019ancien monde depuis cette d\u00e9couverte ?<\/p>\n\n\n\n<p> Dans la photo ci-haut de la plaque de marbre grav\u00e9e, j\u2019ai mis sous chaque mot \u00e9crit en alphabet ph\u00e9nicien son \u00e9quivalent phon\u00e9tique transcrit en lettres arabes. Le tableau que j\u2019ai plac\u00e9 apr\u00e8s donne dans sa premi\u00e8re colonne, la phrase en ph\u00e9nicien, dans la seconde son homologue en arabe dialectal et enfin dans la troisi\u00e8me l\u2019\u00e9quivalent en arabe standard. Il permet au lecteur de percevoir au travers du tableau que si un ph\u00e9nicien de ces temps-l\u00e0 avait v\u00e9cu \u00e0 nos jour o\u00f9 si un citoyen de notre contr\u00e9e avait v\u00e9cu en milieu ph\u00e9nicien, aucun des deux n\u2019aurait \u00e9prouv\u00e9 la moindre difficult\u00e9 \u00e0 comprendre l\u2019autre ou se faire comprendre de l\u2019autre. Aucun d\u2019eux ne se serait senti \u00e9tranger.<\/p>\n\n\n\n<p>\nIl me reste encore une chose \u00e0 dire&nbsp;:<\/p>\n\n\n\n<p>\nQui prouve que ce sont les carthaginois qui ont fait cette d\u00e9couverte\net non les habitants de Ph\u00e9nicie eux-m\u00eames qui se seraient rendus\ndes c\u00f4tes du Liban en Am\u00e9rique&nbsp;?<\/p>\n\n\n\n<p>\nQui nous prouve que cette d\u00e9couverte remonte \u00e0 l\u2019an 125 avant\nJ\u00e9sus-Christ&nbsp;?<\/p>\n\n\n\n<p>\nLa r\u00e9ponse \u00e0 ces deux questions se trouve dans l\u2019analyse de la\ngraphie ph\u00e9nicienne originelle et celle \u00ab&nbsp;moderne.&nbsp;\u00bb<\/p>\n\n\n\n<p>\nIl se trouve que la graphie grav\u00e9e sur la plaque de marbre est\nsimilaire au n\u00e9o-punique et si l\u2019on vient \u00e0 la comparer aux\n\u00e9critures anciennes puniques et carthaginoises, on constate qu\u2019elle\na dut \u00eatre inscrite peu avant la chute de Carthage, entre la\ndeuxi\u00e8me et la derni\u00e8re guerre punique, soit vers 125 avant le\nChrist.<\/p>\n\n\n\n<p>\nCe sont l\u00e0 les consid\u00e9rations qui ont fait que cette d\u00e9couverte\nait \u00e9t\u00e9 ignor\u00e9e et nous allons en donner les preuves.<\/p>\n\n\n\n<p>\n<strong>Comment la d\u00e9couverte a-t-elle eu lieu&nbsp;?<\/strong><\/p>\n\n\n\n<p>\nNous comprenons du texte grav\u00e9 par les marins sur la tombe du\n\u00ab&nbsp;Petit fils&nbsp;\u00bb que la d\u00e9couverte se r\u00e9sume en ce qui\nsuit&nbsp;:<\/p>\n\n\n\n<ul class=\"wp-block-list\">\n<li> Les marins ont quitt\u00e9 leur pays en compagnie de leur roi pour d\u00e9couvrir une terre nouvelle. Lorsqu\u2019ils atteignirent ce lieu, leur roi rebroussa chemin et laissa \u2018Asb\u00e2t (le Petit Fils) en guise de gouverneur. Les marins attendirent le retour de leur roi qui devait revenir avec des renforts. Mais leur attente allait \u00eatre vaine. Ils furent alors saisis de d\u00e9sespoir. Ils pass\u00e8rent environ dix ans. La majorit\u00e9 d\u2019entre eux p\u00e9rit durant ce temps et il n\u2019en resta que six. La mort s\u2019empara alors de leur chef et ils en furent au bord de la folie. Leur v\u00e9n\u00e9ration pour leur chef semble avoir \u00e9t\u00e9 tr\u00e8s grande.  <\/li>\n\n\n\n<li> Lorsqu\u2019ils ne virent ni les renforts ni leur roi et que le d\u00e9sespoir eut atteint son apog\u00e9e, ils finirent par penser du mal de lui. Ils furent alors certains qu\u2019il les avait ramen\u00e9 en ce lieu et les y a abandonn\u00e9 pour devenir un monarque absolu en son pays. Cette accusation, ils la grav\u00e8rent dans la pierre afin que l\u2019histoire porte un jugement sur ce roi qui fut la cause de leurs malheurs et de leur fin abominable. <\/li>\n\n\n\n<li>Est-ce que cette accusation contre leur souverain est fond\u00e9e&nbsp;? Je ne crois pas et en voici les raisons&nbsp;:\n<ul class=\"wp-block-list\">\n<li> Ce chef qui a fait cette d\u00e9couverte et qu\u2019ils appellent \u00ab roi \u00bb n\u2019aurait pas abandonn\u00e9 ce qu\u2019il venait de d\u00e9couvrir du fait des richesses immenses que cette d\u00e9couverte allait lui procurer \u00e0 moins qu\u2019un incident majeur l\u2019emp\u00eacha de revenir en cette terre d\u00e9couverte. <\/li>\n\n\n\n<li> Carthage qui excellait dans l\u2019extension commerciale et la d\u00e9couverte de nouveaux horizons n\u2019aurait jamais abandonn\u00e9 de plein gr\u00e9 cette d\u00e9couverte sans l\u2019exploiter. <\/li>\n\n\n\n<li> Le chef contest\u00e9 n\u2019aurait pas pu atteindre r\u00e9ellement le poste que les marins l\u2019accusent de s\u2019en \u00eatre empar\u00e9 gr\u00e2ce \u00e0 cette nouvelle d\u00e9couverte car Carthage n\u2019aurait pas pu v\u00e9rifier s\u2019il y avait r\u00e9ellement eu une nouvelle d\u00e9couverte \u00e0 moins que d\u2019autres marins en aient fait la confirmation par le biais de nouvelles exp\u00e9ditions. Sinon, le \u00ab&nbsp;roi&nbsp;\u00bb n\u2019aurait eu aucune preuve. <\/li>\n\n\n\n<li>A supposer que le chef ait pu acc\u00e9der au titre de roi et que Carthage s\u2019en soit tenue au t\u00e9moignage des marins revenus avec lui, \u00e9tait-il impossible que d\u2019autres marins ou m\u00eames ceux revenus avec le \u00ab roi \u00bb refassent le voyage vers le nouveau monde ?\n<ul class=\"wp-block-list\">\n<li> Le fait qu\u2019aucune nouvelle exp\u00e9dition  carthaginoise n\u2019ait eu lieu nous augure une des trois possibilit\u00e9s suivantes&nbsp;: <\/li>\n\n\n\n<li> Soit que les Carthaginois aient pr\u00e9par\u00e9 une flottille pour une nouvelle exp\u00e9dition et que cette derni\u00e8re a \u00e9t\u00e9 d\u00e9truite par les Romains. <\/li>\n\n\n\n<li> Ou que le \u00ab&nbsp;roi&nbsp;\u00bb et les marins qui l\u2019accompagnaient ont trouv\u00e9 que Carthage  courrait un grave danger et ils ne pensaient plus qu\u2019\u00e0 la d\u00e9fense de la cit\u00e9 qui a fini par tomber. <\/li>\n\n\n\n<li> Ou encore qu\u2019ils n\u2019ont jamais atteint Carthage, les temp\u00eates ayant eu raison d\u2019eux sur le chemin du retour ou peut \u00eatre les Romains m\u00eames. Le d\u00e9sespoir des marins exil\u00e9s et le temps tr\u00e8s long que leur exil forc\u00e9 dura les poussa \u00e0 penser du mal de leur chef et \u00e0 l\u2019accuser sans accorder le moindre b\u00e9n\u00e9fice au doute \u00e0 savoir qu\u2019il aurait lui m\u00eame eu des d\u00e9sagr\u00e9ments majeurs sur le chemin du retour. <\/li>\n\n\n\n<li> Lorsque Carthage cessa d\u2019exister et qu\u2019il n\u2019y avait plus le moindre \u00e9difice, que les rescap\u00e9s d\u2019entre ses habitants eurent \u00e9t\u00e9 vendu comme esclaves, aucun marin connaissant la d\u00e9couverte n\u2019en a r\u00e9v\u00e9l\u00e9 l\u2019existence au Romains. Et m\u00eame si les Romains en avaient eu vent, les guerres impitoyables qu\u2019ils entreprenaient pour faire main basse sur l\u2019Ancien Monde les auraient d\u00e9tourn\u00e9s d\u2019aller \u00e0 la d\u00e9couverte d\u2019un nouveau continent. <\/li>\n\n\n\n<li> C\u2019est ainsi que la politique d\u2019expansion romaine a retard\u00e9 la d\u00e9couverte de l\u2019Am\u00e9rique de seize si\u00e8cles.   <\/li>\n<\/ul>\n<\/li>\n<\/ul>\n<\/li>\n<\/ul>\n\n\n\n<p><a href=\"#sdfootnote1anc\">1<\/a> Nul ne peut r\u00e9futer que l\u2019origine des Berb\u00e8res est le Moyen Orient. Nous en avons donn\u00e9 les preuves dans notre livre : \u00ab Carthage en quatre \u00e9poques \u00bb. Ibn Khald\u00fbn dit \u00e0 cet effet : \u00ab La v\u00e9rit\u00e9 concernant les Berb\u00e8res qu\u2019il ne faudrait point adopter autre qu\u2019elle est qu\u2019ils sont descendants de Canaan fils de H\u00e2m fils de No\u00e9 (Ibn Khald\u00fbn, t. 6, p. 97).  <\/p>\n\n\n\n<p>\n\t<a href=\"#sdfootnote2anc\">2<\/a>\n\tLe texte traduit du grec commence ainsi&nbsp;: \u00ab&nbsp;<em>C&rsquo;est\n\tl&rsquo;histoire du long voyage d&rsquo;Hannon, roi des carthaginois, dans les\n\tpays de Libye, au-del\u00e0 des colonnes d&rsquo;Hercule, qu&rsquo;il grava sur\n\tpierre dans le temple de Cronos (le Melqart carthaginois). Les\n\tCarthaginois d\u00e9cid\u00e8rent que Hannon devrait naviguer au-del\u00e0 des\n\tcolonnes d&rsquo;Hercule et fonder une colonie de Libyo-Ph\u00e9niciens<a href=\"http:\/\/www.pheniciens.com\/persos\/hannon.php#(1)\">(1)<\/a>.\n\tIl embarqua donc sur soixante pent\u00e9contores, environ trente mille\n\thommes et femmes, des provisions et l&rsquo;\u00e9quipement n\u00e9cessaire\u2026<\/em>&nbsp;\u00bb\n\t\n\t<\/p>\n\n\n\n<p> (V. http:\/\/www.pheniciens.com\/persos\/hannon.php)(le traducteur)<em>taq<\/em><\/p>\n\n\n\n<p><a href=\"#sdfootnote3anc\">3<\/a> \u00ab&nbsp;Elle aurait \u00e9t\u00e9 d\u00e9couverte pr\u00e8s de Parahyba, aujourd\u2019hui Jo\u00e3o Pessoa, dans le nord du Br\u00e9sil. Envoy\u00e9e en 1872 \u00e0 l\u2019Institut historique et g\u00e9ographique br\u00e9silien, elle fut tax\u00e9e de faux. En 1968, elle fut r\u00e9examin\u00e9e par C. H. Gordon, un s\u00e9mitisant r\u00e9put\u00e9, qui en confirma l\u2019authenticit\u00e9, en s\u2019appuyant sur certains vocables et constructions syntaxiques proches de celles d\u00e9couvertes \u00e0&nbsp;<a rel=\"noreferrer noopener\" href=\"http:\/\/www.pheniciens.com\/cites\/ougarit.php\" target=\"_blank\">Ougarit<\/a>. \u00bb (http:\/\/blog.pheniciens.com\/2017_11\/les-pheniciens-et-lamerique\/) (Le traducteur)<\/p>\n\n\n\n<p><a href=\"#sdfootnote4anc\">4<\/a>\n\tIl pourrait s\u2019agir de la tombe du petit fils du roi que ce dernier\n\tavait laiss\u00e9 sur place pour gouverner les colons du fait que\n\tl\u2019inscription sur la pierre tombale parle de lui.<\/p>\n\n\n\n<p><\/p>\n","protected":false},"excerpt":{"rendered":"<p>La langue arabe, langue du Maghreb depuis trois mille ans Le pr\u00e9sent article est la traduction aussi fid\u00e8le que possible d&rsquo;une \u00e9tude d&rsquo;Ahmed Tewfik el-Madani parue dans taqw\u00eem [&hellip;]<\/p>\n","protected":false},"author":525,"featured_media":0,"comment_status":"open","ping_status":"closed","sticky":false,"template":"","format":"standard","meta":{"footnotes":""},"categories":[60],"tags":[],"class_list":["post-916","post","type-post","status-publish","format-standard","hentry","category-etudes"],"_links":{"self":[{"href":"https:\/\/www.elmadani.org\/fr\/wp-json\/wp\/v2\/posts\/916","targetHints":{"allow":["GET"]}}],"collection":[{"href":"https:\/\/www.elmadani.org\/fr\/wp-json\/wp\/v2\/posts"}],"about":[{"href":"https:\/\/www.elmadani.org\/fr\/wp-json\/wp\/v2\/types\/post"}],"author":[{"embeddable":true,"href":"https:\/\/www.elmadani.org\/fr\/wp-json\/wp\/v2\/users\/525"}],"replies":[{"embeddable":true,"href":"https:\/\/www.elmadani.org\/fr\/wp-json\/wp\/v2\/comments?post=916"}],"version-history":[{"count":2,"href":"https:\/\/www.elmadani.org\/fr\/wp-json\/wp\/v2\/posts\/916\/revisions"}],"predecessor-version":[{"id":8717,"href":"https:\/\/www.elmadani.org\/fr\/wp-json\/wp\/v2\/posts\/916\/revisions\/8717"}],"wp:attachment":[{"href":"https:\/\/www.elmadani.org\/fr\/wp-json\/wp\/v2\/media?parent=916"}],"wp:term":[{"taxonomy":"category","embeddable":true,"href":"https:\/\/www.elmadani.org\/fr\/wp-json\/wp\/v2\/categories?post=916"},{"taxonomy":"post_tag","embeddable":true,"href":"https:\/\/www.elmadani.org\/fr\/wp-json\/wp\/v2\/tags?post=916"}],"curies":[{"name":"wp","href":"https:\/\/api.w.org\/{rel}","templated":true}]}}